{"id":195,"date":"2022-03-06T14:12:09","date_gmt":"2022-03-06T13:12:09","guid":{"rendered":"https:\/\/aeif.fr\/?p=195"},"modified":"2023-07-28T11:41:51","modified_gmt":"2023-07-28T09:41:51","slug":"trophees-et-journees-nsi","status":"publish","type":"post","link":"https:\/\/aeif.fr\/index.php\/2022\/03\/06\/trophees-et-journees-nsi\/","title":{"rendered":"Troph\u00e9es et journ\u00e9es NSI"},"content":{"rendered":"\n<p>Vous trouverez ci-joint le dossier de pr\u00e9sentation qui valorise les deux actions initi\u00e9es cette ann\u00e9e : les<strong> troph\u00e9es NSI<\/strong> et la<strong> journ\u00e9e nationale NSI<\/strong>.<\/p>\n\n\n\n<div class=\"wp-block-file aligncenter\"><a href=\"https:\/\/aeif.fr\/wp-content\/uploads\/2022\/03\/2022-Trophees-et-Journee-NSI-Dossier-de-presentation.pdf\" class=\"mtli_attachment mtli_pdf\"><strong>2022-Trophees-et-Journee-NSI-Dossier-de-presentation<\/strong><\/a><a href=\"https:\/\/aeif.fr\/wp-content\/uploads\/2022\/03\/2022-Trophees-et-Journee-NSI-Dossier-de-presentation.pdf\" class=\"mtli_attachment mtli_pdf\" class=\"wp-block-file__button\" download>T\u00e9l\u00e9charger<\/a><\/div>\n\n\n\n<figure class=\"wp-block-image size-large is-resized\"><img loading=\"lazy\" decoding=\"async\" src=\"https:\/\/aeif.fr\/wp-content\/uploads\/2022\/03\/Banniere-02-02-2022-signature-mail-Trophees-NSI.png\" alt=\"\" class=\"wp-image-197\" width=\"662\" height=\"332\" srcset=\"https:\/\/aeif.fr\/wp-content\/uploads\/2022\/03\/Banniere-02-02-2022-signature-mail-Trophees-NSI.png 600w, https:\/\/aeif.fr\/wp-content\/uploads\/2022\/03\/Banniere-02-02-2022-signature-mail-Trophees-NSI-300x150.png 300w\" sizes=\"auto, (max-width: 662px) 100vw, 662px\" \/><\/figure>\n\n\n\n<p>Les troph\u00e9es NSI r\u00e9compensent des projets informatiques r\u00e9alis\u00e9s dans le cadre de l&rsquo;enseignement de sp\u00e9cialit\u00e9 \u00ab num\u00e9rique et sciences informatiques \u00bb.<\/p>\n\n\n\n<ul class=\"wp-block-list\"><li>Valoriser l\u2019enseignement de sp\u00e9cialit\u00e9 NSI.<\/li><li>Mettre en avant les projets r\u00e9alis\u00e9s pendant l&rsquo;ann\u00e9e scolaire.<\/li><li>Encourager le travail en \u00e9quipe.<\/li><\/ul>\n\n\n\n<p>Pour s&rsquo;inscrire &#8211;> <a href=\"https:\/\/trophees-nsi.fr\/\">https:\/\/trophees-nsi.fr\/<\/a><\/p>\n\n\n\n<figure class=\"wp-block-image size-large\"><img loading=\"lazy\" decoding=\"async\" width=\"464\" height=\"262\" src=\"https:\/\/aeif.fr\/wp-content\/uploads\/2022\/03\/logo.png\" alt=\"\" class=\"wp-image-198\" srcset=\"https:\/\/aeif.fr\/wp-content\/uploads\/2022\/03\/logo.png 464w, https:\/\/aeif.fr\/wp-content\/uploads\/2022\/03\/logo-300x169.png 300w\" sizes=\"auto, (max-width: 464px) 100vw, 464px\" \/><\/figure>\n","protected":false},"excerpt":{"rendered":"<p>Vous trouverez ci-joint le dossier de pr\u00e9sentation qui valorise les deux actions initi\u00e9es cette ann\u00e9e : les troph\u00e9es NSI et la journ\u00e9e nationale NSI. Les troph\u00e9es NSI r\u00e9compensent des projets informatiques r\u00e9alis\u00e9s dans le cadre de l&rsquo;enseignement de sp\u00e9cialit\u00e9 \u00ab&#8230;<\/p>\n","protected":false},"author":2,"featured_media":440,"comment_status":"closed","ping_status":"open","sticky":false,"template":"","format":"standard","meta":{"footnotes":""},"categories":[1],"tags":[],"class_list":["post-195","post","type-post","status-publish","format-standard","has-post-thumbnail","hentry","category-non-classe","wpcat-1-id"],"_links":{"self":[{"href":"https:\/\/aeif.fr\/index.php\/wp-json\/wp\/v2\/posts\/195","targetHints":{"allow":["GET"]}}],"collection":[{"href":"https:\/\/aeif.fr\/index.php\/wp-json\/wp\/v2\/posts"}],"about":[{"href":"https:\/\/aeif.fr\/index.php\/wp-json\/wp\/v2\/types\/post"}],"author":[{"embeddable":true,"href":"https:\/\/aeif.fr\/index.php\/wp-json\/wp\/v2\/users\/2"}],"replies":[{"embeddable":true,"href":"https:\/\/aeif.fr\/index.php\/wp-json\/wp\/v2\/comments?post=195"}],"version-history":[{"count":1,"href":"https:\/\/aeif.fr\/index.php\/wp-json\/wp\/v2\/posts\/195\/revisions"}],"predecessor-version":[{"id":199,"href":"https:\/\/aeif.fr\/index.php\/wp-json\/wp\/v2\/posts\/195\/revisions\/199"}],"wp:featuredmedia":[{"embeddable":true,"href":"https:\/\/aeif.fr\/index.php\/wp-json\/wp\/v2\/media\/440"}],"wp:attachment":[{"href":"https:\/\/aeif.fr\/index.php\/wp-json\/wp\/v2\/media?parent=195"}],"wp:term":[{"taxonomy":"category","embeddable":true,"href":"https:\/\/aeif.fr\/index.php\/wp-json\/wp\/v2\/categories?post=195"},{"taxonomy":"post_tag","embeddable":true,"href":"https:\/\/aeif.fr\/index.php\/wp-json\/wp\/v2\/tags?post=195"}],"curies":[{"name":"wp","href":"https:\/\/api.w.org\/{rel}","templated":true}]}}