{"id":1304,"date":"2026-09-03T08:37:27","date_gmt":"2026-09-03T06:37:27","guid":{"rendered":"https:\/\/aeif.fr\/?p=1304"},"modified":"2026-09-03T08:38:34","modified_gmt":"2026-09-03T06:38:34","slug":"girls-hack-the-night-2026","status":"publish","type":"post","link":"https:\/\/aeif.fr\/index.php\/2026\/09\/03\/girls-hack-the-night-2026\/","title":{"rendered":"Girls hack the Night 2026"},"content":{"rendered":"<p>Cette ann\u00e9e, environ 25 jeunes filles de seconde ont particip\u00e9 \u00e0 ce challenge organis\u00e9 par Nathalie COUTABLE, aid\u00e9es par leurs camarades f\u00e9minines de NSI.<\/p>\n<ul>\n<li>les filles ont compos\u00e9 des \u00e9quipes allant de 2 \u00e0 4.<\/li>\n<li class=\"\" data-startline=\"108\" data-endline=\"109\">elles ont d\u00fb r\u00e9soudre au minimum 5 des 9 \u00e9nigmes dans l\u2019ordre qu\u2019elles voulaient. Chaque \u00e9nigme r\u00e9solue permettait d\u2019obtenir un code.<\/li>\n<li class=\"\" data-startline=\"110\" data-endline=\"111\">quand elles avaient un code, elles le testaient sur une appli pour ouvrir un coffre<\/li>\n<li class=\"\" data-startline=\"112\" data-endline=\"113\">\u00e0 chaque fois qu\u2019une \u00e9quipe obtenait le bon code, le score des \u00e9quipes s\u2019affichait, et une petite musique accompagnait la r\u00e9ussite<\/li>\n<li class=\"\" data-startline=\"114\" data-endline=\"115\">au bout de 5 \u00e9nigmes trouv\u00e9es, elles ouvraient r\u00e9ellement un casier rempli de petits cadeaux.<\/li>\n<li class=\"\" data-startline=\"116\" data-endline=\"117\">les 3 \u00e9quipes qui ont \u00e9t\u00e9 les plus rapides ont obtenu un gros lot.<\/li>\n<\/ul>\n<p><a href=\"https:\/\/aeif.fr\/wp-content\/uploads\/2026\/09\/filles_girls_hack_night_2026.jpeg\"><img loading=\"lazy\" decoding=\"async\" class=\"alignnone size-full wp-image-1307\" src=\"https:\/\/aeif.fr\/wp-content\/uploads\/2026\/09\/filles_girls_hack_night_2026.jpeg\" alt=\"\" width=\"800\" height=\"600\" srcset=\"https:\/\/aeif.fr\/wp-content\/uploads\/2026\/09\/filles_girls_hack_night_2026.jpeg 800w, https:\/\/aeif.fr\/wp-content\/uploads\/2026\/09\/filles_girls_hack_night_2026-300x225.jpeg 300w, https:\/\/aeif.fr\/wp-content\/uploads\/2026\/09\/filles_girls_hack_night_2026-768x576.jpeg 768w, https:\/\/aeif.fr\/wp-content\/uploads\/2026\/09\/filles_girls_hack_night_2026-760x570.jpeg 760w\" sizes=\"auto, (max-width: 800px) 100vw, 800px\" \/><\/a><\/p>\n","protected":false},"excerpt":{"rendered":"<p>Cette ann\u00e9e, environ 25 jeunes filles de seconde ont particip\u00e9 \u00e0 ce challenge organis\u00e9 par Nathalie COUTABLE, aid\u00e9es par leurs camarades f\u00e9minines de NSI. les filles ont compos\u00e9 des \u00e9quipes allant de 2 \u00e0 4. elles ont d\u00fb r\u00e9soudre au&#8230;<\/p>\n","protected":false},"author":5,"featured_media":1305,"comment_status":"closed","ping_status":"open","sticky":false,"template":"","format":"standard","meta":{"footnotes":""},"categories":[1],"tags":[],"class_list":["post-1304","post","type-post","status-publish","format-standard","has-post-thumbnail","hentry","category-non-classe","wpcat-1-id"],"_links":{"self":[{"href":"https:\/\/aeif.fr\/index.php\/wp-json\/wp\/v2\/posts\/1304","targetHints":{"allow":["GET"]}}],"collection":[{"href":"https:\/\/aeif.fr\/index.php\/wp-json\/wp\/v2\/posts"}],"about":[{"href":"https:\/\/aeif.fr\/index.php\/wp-json\/wp\/v2\/types\/post"}],"author":[{"embeddable":true,"href":"https:\/\/aeif.fr\/index.php\/wp-json\/wp\/v2\/users\/5"}],"replies":[{"embeddable":true,"href":"https:\/\/aeif.fr\/index.php\/wp-json\/wp\/v2\/comments?post=1304"}],"version-history":[{"count":6,"href":"https:\/\/aeif.fr\/index.php\/wp-json\/wp\/v2\/posts\/1304\/revisions"}],"predecessor-version":[{"id":1312,"href":"https:\/\/aeif.fr\/index.php\/wp-json\/wp\/v2\/posts\/1304\/revisions\/1312"}],"wp:featuredmedia":[{"embeddable":true,"href":"https:\/\/aeif.fr\/index.php\/wp-json\/wp\/v2\/media\/1305"}],"wp:attachment":[{"href":"https:\/\/aeif.fr\/index.php\/wp-json\/wp\/v2\/media?parent=1304"}],"wp:term":[{"taxonomy":"category","embeddable":true,"href":"https:\/\/aeif.fr\/index.php\/wp-json\/wp\/v2\/categories?post=1304"},{"taxonomy":"post_tag","embeddable":true,"href":"https:\/\/aeif.fr\/index.php\/wp-json\/wp\/v2\/tags?post=1304"}],"curies":[{"name":"wp","href":"https:\/\/api.w.org\/{rel}","templated":true}]}}