{"id":1301,"date":"2026-09-03T08:12:20","date_gmt":"2026-09-03T06:12:20","guid":{"rendered":"https:\/\/aeif.fr\/?p=1301"},"modified":"2026-09-03T08:18:20","modified_gmt":"2026-09-03T06:18:20","slug":"assemblee-generale-2026","status":"publish","type":"post","link":"https:\/\/aeif.fr\/index.php\/2026\/09\/03\/assemblee-generale-2026\/","title":{"rendered":"Assembl\u00e9e G\u00e9n\u00e9rale 2026"},"content":{"rendered":"<p>L\u2019Assembl\u00e9e g\u00e9n\u00e9rale s\u2019est d\u00e9roul\u00e9e le 1er juillet 2026 \u00e0 20h en visio-conf\u00e9rence.<\/p>\n<p>Ordre du jour :<\/p>\n<ul>\n<li>Rapport moral du Pr\u00e9sident<\/li>\n<li>Bilan financier du Tr\u00e9sorier<\/li>\n<li>Approbation du budget<\/li>\n<li>Renouvellement du comit\u00e9<\/li>\n<li>Bilan des actions propos\u00e9es et futures<\/li>\n<li>Actions diverses en vue de promouvoir l\u2019enseignement de l\u2019informatique.<\/li>\n<li>Questions diverses<\/li>\n<\/ul>\n","protected":false},"excerpt":{"rendered":"<p>L\u2019Assembl\u00e9e g\u00e9n\u00e9rale s\u2019est d\u00e9roul\u00e9e le 1er juillet 2026 \u00e0 20h en visio-conf\u00e9rence. Ordre du jour : Rapport moral du Pr\u00e9sident Bilan financier du Tr\u00e9sorier Approbation du budget Renouvellement du comit\u00e9 Bilan des actions propos\u00e9es et futures Actions diverses en vue&#8230;<\/p>\n","protected":false},"author":5,"featured_media":440,"comment_status":"closed","ping_status":"open","sticky":false,"template":"","format":"standard","meta":{"footnotes":""},"categories":[6],"tags":[],"class_list":["post-1301","post","type-post","status-publish","format-standard","has-post-thumbnail","hentry","category-vie-de-lassociation","wpcat-6-id"],"_links":{"self":[{"href":"https:\/\/aeif.fr\/index.php\/wp-json\/wp\/v2\/posts\/1301","targetHints":{"allow":["GET"]}}],"collection":[{"href":"https:\/\/aeif.fr\/index.php\/wp-json\/wp\/v2\/posts"}],"about":[{"href":"https:\/\/aeif.fr\/index.php\/wp-json\/wp\/v2\/types\/post"}],"author":[{"embeddable":true,"href":"https:\/\/aeif.fr\/index.php\/wp-json\/wp\/v2\/users\/5"}],"replies":[{"embeddable":true,"href":"https:\/\/aeif.fr\/index.php\/wp-json\/wp\/v2\/comments?post=1301"}],"version-history":[{"count":2,"href":"https:\/\/aeif.fr\/index.php\/wp-json\/wp\/v2\/posts\/1301\/revisions"}],"predecessor-version":[{"id":1303,"href":"https:\/\/aeif.fr\/index.php\/wp-json\/wp\/v2\/posts\/1301\/revisions\/1303"}],"wp:featuredmedia":[{"embeddable":true,"href":"https:\/\/aeif.fr\/index.php\/wp-json\/wp\/v2\/media\/440"}],"wp:attachment":[{"href":"https:\/\/aeif.fr\/index.php\/wp-json\/wp\/v2\/media?parent=1301"}],"wp:term":[{"taxonomy":"category","embeddable":true,"href":"https:\/\/aeif.fr\/index.php\/wp-json\/wp\/v2\/categories?post=1301"},{"taxonomy":"post_tag","embeddable":true,"href":"https:\/\/aeif.fr\/index.php\/wp-json\/wp\/v2\/tags?post=1301"}],"curies":[{"name":"wp","href":"https:\/\/api.w.org\/{rel}","templated":true}]}}