{"id":1296,"date":"2026-09-03T08:01:49","date_gmt":"2026-09-03T06:01:49","guid":{"rendered":"https:\/\/aeif.fr\/?p=1296"},"modified":"2026-09-03T08:08:59","modified_gmt":"2026-09-03T06:08:59","slug":"assemblee-generale-2025","status":"publish","type":"post","link":"https:\/\/aeif.fr\/index.php\/2026\/09\/03\/assemblee-generale-2025\/","title":{"rendered":"Assembl\u00e9e G\u00e9n\u00e9rale 2025"},"content":{"rendered":"<style>\n.textwp-entry-meta-single-date { display: none; }\n<\/style>\n<p>L&rsquo;Assembl\u00e9e g\u00e9n\u00e9rale s&rsquo;est d\u00e9roul\u00e9e le 2 juillet 2025 \u00e0 17h en visio-conf\u00e9rence.<\/p>\n<p>Ordre du jour :<\/p>\n<ul>\n<li>Rapport moral du Pr\u00e9sident<\/li>\n<li>Bilan financier du Tr\u00e9sorier<\/li>\n<li><span role=\"presentation\">Approbation du budget<\/span><\/li>\n<li><span role=\"presentation\">Renouvellement du comit\u00e9<\/span><\/li>\n<li><span role=\"presentation\">Bilan des actions propos\u00e9es et futures<\/span><\/li>\n<li><span role=\"presentation\">Actions diverses en vue de promouvoir l\u2019enseignement de l\u2019informatique.<\/span><\/li>\n<li>Questions diverses<\/li>\n<li style=\"list-style-type: none;\"><\/li>\n<\/ul>\n","protected":false},"excerpt":{"rendered":"<p>L&rsquo;Assembl\u00e9e g\u00e9n\u00e9rale s&rsquo;est d\u00e9roul\u00e9e le 2 juillet 2025 \u00e0 17h en visio-conf\u00e9rence. Ordre du jour : Rapport moral du Pr\u00e9sident Bilan financier du Tr\u00e9sorier Approbation du budget Renouvellement du comit\u00e9 Bilan des actions propos\u00e9es et futures Actions diverses en vue&#8230;<\/p>\n","protected":false},"author":5,"featured_media":440,"comment_status":"closed","ping_status":"open","sticky":false,"template":"","format":"standard","meta":{"footnotes":""},"categories":[6],"tags":[],"class_list":["post-1296","post","type-post","status-publish","format-standard","has-post-thumbnail","hentry","category-vie-de-lassociation","wpcat-6-id"],"_links":{"self":[{"href":"https:\/\/aeif.fr\/index.php\/wp-json\/wp\/v2\/posts\/1296","targetHints":{"allow":["GET"]}}],"collection":[{"href":"https:\/\/aeif.fr\/index.php\/wp-json\/wp\/v2\/posts"}],"about":[{"href":"https:\/\/aeif.fr\/index.php\/wp-json\/wp\/v2\/types\/post"}],"author":[{"embeddable":true,"href":"https:\/\/aeif.fr\/index.php\/wp-json\/wp\/v2\/users\/5"}],"replies":[{"embeddable":true,"href":"https:\/\/aeif.fr\/index.php\/wp-json\/wp\/v2\/comments?post=1296"}],"version-history":[{"count":4,"href":"https:\/\/aeif.fr\/index.php\/wp-json\/wp\/v2\/posts\/1296\/revisions"}],"predecessor-version":[{"id":1300,"href":"https:\/\/aeif.fr\/index.php\/wp-json\/wp\/v2\/posts\/1296\/revisions\/1300"}],"wp:featuredmedia":[{"embeddable":true,"href":"https:\/\/aeif.fr\/index.php\/wp-json\/wp\/v2\/media\/440"}],"wp:attachment":[{"href":"https:\/\/aeif.fr\/index.php\/wp-json\/wp\/v2\/media?parent=1296"}],"wp:term":[{"taxonomy":"category","embeddable":true,"href":"https:\/\/aeif.fr\/index.php\/wp-json\/wp\/v2\/categories?post=1296"},{"taxonomy":"post_tag","embeddable":true,"href":"https:\/\/aeif.fr\/index.php\/wp-json\/wp\/v2\/tags?post=1296"}],"curies":[{"name":"wp","href":"https:\/\/api.w.org\/{rel}","templated":true}]}}